{"id":5024,"date":"2024-11-27T09:33:44","date_gmt":"2024-11-27T09:33:44","guid":{"rendered":"https:\/\/scooterandbikerental.com\/?p=5024"},"modified":"2025-01-15T13:00:23","modified_gmt":"2025-01-15T13:00:23","slug":"comment-choisir-la-taille-dun-velo","status":"publish","type":"post","link":"https:\/\/scooterandbikerental.com\/fr\/blog\/comment-choisir-la-taille-dun-velo\/","title":{"rendered":"Comment choisir la taille d'un v\u00e9lo"},"content":{"rendered":"\n<p>Le choix d'un v\u00e9lo <strong>n'est pas seulement une question de design ou de budget<\/strong>, il s'agit de trouver l'\u00e9quilibre parfait entre confort, performance et s\u00e9curit\u00e9. Je suis s\u00fbr que cela vous est d\u00e9j\u00e0 arriv\u00e9 : vous montez sur un v\u00e9lo et quelque chose ne vous convient pas. Le guidon est peut-\u00eatre trop \u00e9loign\u00e9, ou vous avez l'impression que vos jambes n'ont pas assez d'extension lorsque vous p\u00e9dalez. Ces petits d\u00e9tails peuvent \u00eatre tr\u00e8s importants lorsqu'il s'agit de profiter de son v\u00e9lo.<\/p>\n\n\n\n<p>Dans cet article, vous d\u00e9couvrirez pourquoi la taille d'un v\u00e9lo est un aspect essentiel dans le choix de votre v\u00e9lo. Nous vous donnons des <strong>conseils pratiques<\/strong> pour faire de votre prochain v\u00e9lo votre meilleur compagnon d'aventure.<\/p>\n\n\n\n<div id=\"ez-toc-container\" class=\"ez-toc-v2_0_82_2 counter-hierarchy ez-toc-counter ez-toc-white ez-toc-container-direction\">\n<div class=\"ez-toc-title-container\">\n<p class=\"ez-toc-title\" style=\"cursor:inherit\">Table des mati\u00e8res<\/p>\n<span class=\"ez-toc-title-toggle\"><a href=\"#\" class=\"ez-toc-pull-right ez-toc-btn ez-toc-btn-xs ez-toc-btn-default ez-toc-toggle\" aria-label=\"Toggle Table of Content\"><span class=\"ez-toc-js-icon-con\"><span class=\"\"><span class=\"eztoc-hide\" style=\"display:none;\">Toggle<\/span><span class=\"ez-toc-icon-toggle-span\"><svg style=\"fill: #999;color:#999\" xmlns=\"http:\/\/www.w3.org\/2000\/svg\" class=\"list-377408\" width=\"20px\" height=\"20px\" viewBox=\"0 0 24 24\" fill=\"none\"><path d=\"M6 6H4v2h2V6zm14 0H8v2h12V6zM4 11h2v2H4v-2zm16 0H8v2h12v-2zM4 16h2v2H4v-2zm16 0H8v2h12v-2z\" fill=\"currentColor\"><\/path><\/svg><svg style=\"fill: #999;color:#999\" class=\"arrow-unsorted-368013\" xmlns=\"http:\/\/www.w3.org\/2000\/svg\" width=\"10px\" height=\"10px\" viewBox=\"0 0 24 24\" version=\"1.2\" baseProfile=\"tiny\"><path d=\"M18.2 9.3l-6.2-6.3-6.2 6.3c-.2.2-.3.4-.3.7s.1.5.3.7c.2.2.4.3.7.3h11c.3 0 .5-.1.7-.3.2-.2.3-.5.3-.7s-.1-.5-.3-.7zM5.8 14.7l6.2 6.3 6.2-6.3c.2-.2.3-.5.3-.7s-.1-.5-.3-.7c-.2-.2-.4-.3-.7-.3h-11c-.3 0-.5.1-.7.3-.2.2-.3.5-.3.7s.1.5.3.7z\"\/><\/svg><\/span><\/span><\/span><\/a><\/span><\/div>\n<nav><ul class='ez-toc-list ez-toc-list-level-1 ' ><li class='ez-toc-page-1 ez-toc-heading-level-2'><a class=\"ez-toc-link ez-toc-heading-1\" href=\"https:\/\/scooterandbikerental.com\/fr\/blog\/comment-choisir-la-taille-dun-velo\/#Pourquoi_est-il_important_de_choisir_la_bonne_taille_de_velo\" >Pourquoi est-il important de choisir la bonne taille de v\u00e9lo ?<\/a><ul class='ez-toc-list-level-3' ><li class='ez-toc-heading-level-3'><a class=\"ez-toc-link ez-toc-heading-2\" href=\"https:\/\/scooterandbikerental.com\/fr\/blog\/comment-choisir-la-taille-dun-velo\/#Confort_et_performance\" >Confort et performance<\/a><\/li><li class='ez-toc-page-1 ez-toc-heading-level-3'><a class=\"ez-toc-link ez-toc-heading-3\" href=\"https:\/\/scooterandbikerental.com\/fr\/blog\/comment-choisir-la-taille-dun-velo\/#Prevention_des_blessures_a_long_terme\" >Pr\u00e9vention des blessures \u00e0 long terme<\/a><\/li><\/ul><\/li><li class='ez-toc-page-1 ez-toc-heading-level-2'><a class=\"ez-toc-link ez-toc-heading-4\" href=\"https:\/\/scooterandbikerental.com\/fr\/blog\/comment-choisir-la-taille-dun-velo\/#Facteurs_cles_pour_determiner_la_bonne_taille\" >Facteurs cl\u00e9s pour d\u00e9terminer la bonne taille<\/a><ul class='ez-toc-list-level-3' ><li class='ez-toc-heading-level-3'><a class=\"ez-toc-link ez-toc-heading-5\" href=\"https:\/\/scooterandbikerental.com\/fr\/blog\/comment-choisir-la-taille-dun-velo\/#Mesure_de_la_hauteur_du_cavalier\" >Mesure de la hauteur du cavalier<\/a><\/li><li class='ez-toc-page-1 ez-toc-heading-level-3'><a class=\"ez-toc-link ez-toc-heading-6\" href=\"https:\/\/scooterandbikerental.com\/fr\/blog\/comment-choisir-la-taille-dun-velo\/#La_longueur_de_lentrejambe_et_sa_relation_avec_le_cadre\" >La longueur de l'entrejambe et sa relation avec le cadre<\/a><\/li><\/ul><\/li><li class='ez-toc-page-1 ez-toc-heading-level-2'><a class=\"ez-toc-link ez-toc-heading-7\" href=\"https:\/\/scooterandbikerental.com\/fr\/blog\/comment-choisir-la-taille-dun-velo\/#Methodes_pratiques_pour_le_choix_de_la_taille\" >M\u00e9thodes pratiques pour le choix de la taille<\/a><ul class='ez-toc-list-level-3' ><li class='ez-toc-heading-level-3'><a class=\"ez-toc-link ez-toc-heading-8\" href=\"https:\/\/scooterandbikerental.com\/fr\/blog\/comment-choisir-la-taille-dun-velo\/#Guide_des_tailles_par_marque_de_velo\" >Guide des tailles par marque de v\u00e9lo<\/a><\/li><li class='ez-toc-page-1 ez-toc-heading-level-3'><a class=\"ez-toc-link ez-toc-heading-9\" href=\"https:\/\/scooterandbikerental.com\/fr\/blog\/comment-choisir-la-taille-dun-velo\/#Tests_physiques_dans_des_magasins_specialises\" >Tests physiques dans des magasins sp\u00e9cialis\u00e9s<\/a><\/li><\/ul><\/li><li class='ez-toc-page-1 ez-toc-heading-level-2'><a class=\"ez-toc-link ez-toc-heading-10\" href=\"https:\/\/scooterandbikerental.com\/fr\/blog\/comment-choisir-la-taille-dun-velo\/#Conseils_supplementaires_pour_les_debutants_et_les_cyclistes_confirmes\" >Conseils suppl\u00e9mentaires pour les d\u00e9butants et les cyclistes confirm\u00e9s<\/a><ul class='ez-toc-list-level-3' ><li class='ez-toc-heading-level-3'><a class=\"ez-toc-link ez-toc-heading-11\" href=\"https:\/\/scooterandbikerental.com\/fr\/blog\/comment-choisir-la-taille-dun-velo\/#Consulter_des_experts_ou_des_formateurs_professionnels\" >Consulter des experts ou des formateurs professionnels<\/a><\/li><li class='ez-toc-page-1 ez-toc-heading-level-3'><a class=\"ez-toc-link ez-toc-heading-12\" href=\"https:\/\/scooterandbikerental.com\/fr\/blog\/comment-choisir-la-taille-dun-velo\/#Limportance_des_ajustements_reguliers\" >L'importance des ajustements r\u00e9guliers<\/a><\/li><li class='ez-toc-page-1 ez-toc-heading-level-3'><a class=\"ez-toc-link ez-toc-heading-13\" href=\"https:\/\/scooterandbikerental.com\/fr\/blog\/comment-choisir-la-taille-dun-velo\/#Evaluacion_y_reajuste_tras_un_periodo_de_uso\" >Evaluaci\u00f3n y reajuste tras un periodo de uso<\/a><\/li><\/ul><\/li><\/ul><\/nav><\/div>\n<h2 class=\"wp-block-heading\"><span class=\"ez-toc-section\" id=\"Pourquoi_est-il_important_de_choisir_la_bonne_taille_de_velo\"><\/span>Pourquoi est-il important de choisir la bonne taille de v\u00e9lo ?<span class=\"ez-toc-section-end\"><\/span><\/h2>\n\n\n\n<p>La taille du v\u00e9lo <strong>est bien plus qu'un simple d\u00e9tail technique<\/strong>. Un v\u00e9lo qui vous convient n'am\u00e9liore pas seulement votre sensation de p\u00e9dalage, mais rend aussi votre effort plus efficace. Voici trois raisons essentielles de pr\u00eater attention \u00e0 la taille de votre v\u00e9lo.<\/p>\n\n\n\n<figure class=\"wp-block-image aligncenter size-full\"><img fetchpriority=\"high\" decoding=\"async\" width=\"640\" height=\"446\" src=\"https:\/\/scooterandbikerental.com\/wp-content\/uploads\/2024\/12\/taille-de-velo-adulte.webp\" alt=\"taille de v\u00e9lo adulte\" class=\"wp-image-5026\" title=\"\" srcset=\"https:\/\/scooterandbikerental.com\/wp-content\/uploads\/2024\/12\/taille-de-velo-adulte.webp 640w, https:\/\/scooterandbikerental.com\/wp-content\/uploads\/2024\/12\/taille-de-velo-adulte-300x209.webp 300w\" sizes=\"(max-width: 640px) 100vw, 640px\" \/><figcaption class=\"wp-element-caption\">Le dimensionnement correct de votre v\u00e9lo est essentiel pour le confort et l'efficacit\u00e9.<\/figcaption><\/figure>\n\n\n\n<h3 class=\"wp-block-heading\"><span class=\"ez-toc-section\" id=\"Confort_et_performance\"><\/span>Confort et performance<span class=\"ez-toc-section-end\"><\/span><\/h3>\n\n\n\n<p>Cela va sans dire, mais c'est tout aussi important : le confort est la cl\u00e9 du plaisir de faire du v\u00e9lo. Si votre v\u00e9lo n'est pas \u00e0 la bonne taille, vous ne pourrez pas rouler confortablement. Cela peut entra\u00eener une g\u00eane constante et une sensation d'\u00e9puisement avant l'heure. En revanche, un v\u00e9lo bien ajust\u00e9 permet \u00e0 votre corps d'adopter une <strong>posture naturelle correcte<\/strong>. Un v\u00e9lo de la bonne taille n'am\u00e9liore pas seulement les performances, mais rend chaque sortie beaucoup plus agr\u00e9able.<\/p>\n\n\n\n<h3 class=\"wp-block-heading\"><span class=\"ez-toc-section\" id=\"Prevention_des_blessures_a_long_terme\"><\/span>Pr\u00e9vention des blessures \u00e0 long terme<span class=\"ez-toc-section-end\"><\/span><\/h3>\n\n\n\n<p>Ce n'est pas seulement une question de confort imm\u00e9diat. Un v\u00e9lo mal ajust\u00e9 vous oblige \u00e0 adopter des positions inconfortables qui, avec le temps, peuvent entra\u00eener des douleurs aux genoux, au dos ou \u00e0 la nuque. S'ils ne sont pas pris en compte, ces d\u00e9sagr\u00e9ments peuvent entra\u00eener des blessures chroniques. Un bon ajustement d\u00e8s le d\u00e9part est un moyen de prot\u00e9ger votre corps et de rouler sans g\u00eane pendant des ann\u00e9es.<\/p>\n\n\n\n<h2 class=\"wp-block-heading\"><span class=\"ez-toc-section\" id=\"Facteurs_cles_pour_determiner_la_bonne_taille\"><\/span>Facteurs cl\u00e9s pour d\u00e9terminer la bonne taille<span class=\"ez-toc-section-end\"><\/span><\/h2>\n\n\n\n<p>Des facteurs tels que vos mensurations et le <strong>type d'activit\u00e9 que vous allez pratiquer<\/strong> jouent un r\u00f4le cl\u00e9 dans le confort et l'efficacit\u00e9. Il ne s'agit pas seulement de trouver un v\u00e9lo qui vous plaise, mais de pouvoir l'utiliser en toute s\u00e9curit\u00e9 et d'en profiter sans inconfort. Voici comment prendre en compte certains aspects essentiels pour trouver le v\u00e9lo qui vous convient le mieux.<\/p>\n\n\n\n<h3 class=\"wp-block-heading\"><span class=\"ez-toc-section\" id=\"Mesure_de_la_hauteur_du_cavalier\"><\/span>Mesure de la hauteur du cavalier<span class=\"ez-toc-section-end\"><\/span><\/h3>\n\n\n\n<p>Votre taille est le point de d\u00e9part du choix de la taille de votre cadre de v\u00e9lo. Il s'agit d'une mesure \u00e9l\u00e9mentaire mais essentielle, car les marques proposent souvent des guides de taille bas\u00e9s sur des fourchettes de taille. Bien que le choix de la taille du v\u00e9lo en fonction de la taille ne soit pas le seul crit\u00e8re, un v\u00e9lo adapt\u00e9 \u00e0 votre taille vous aidera \u00e0 maintenir une posture \u00e9quilibr\u00e9e et \u00e0 rouler efficacement. L'id\u00e9al est de combiner cette information avec d'autres mesures corporelles pour affiner votre choix.<\/p>\n\n\n\n<h3 class=\"wp-block-heading\"><span class=\"ez-toc-section\" id=\"La_longueur_de_lentrejambe_et_sa_relation_avec_le_cadre\"><\/span>La longueur de l'entrejambe et sa relation avec le cadre<span class=\"ez-toc-section-end\"><\/span><\/h3>\n\n\n\n<p>Pour calculer la taille du v\u00e9lo, il est important de conna\u00eetre la longueur de l'entrejambe. Contrairement \u00e0 la hauteur totale, cette mesure permet de calculer plus pr\u00e9cis\u00e9ment la hauteur du cadre, notamment sur les v\u00e9los de route ou de montagne.<\/p>\n\n\n\n<figure class=\"wp-block-image aligncenter size-full\"><img decoding=\"async\" width=\"640\" height=\"446\" src=\"https:\/\/scooterandbikerental.com\/wp-content\/uploads\/2024\/12\/taille-du-cadre-de-velo.webp\" alt=\"taille du cadre de v\u00e9lo\" class=\"wp-image-5027\" title=\"\" srcset=\"https:\/\/scooterandbikerental.com\/wp-content\/uploads\/2024\/12\/taille-du-cadre-de-velo.webp 640w, https:\/\/scooterandbikerental.com\/wp-content\/uploads\/2024\/12\/taille-du-cadre-de-velo-300x209.webp 300w\" sizes=\"(max-width: 640px) 100vw, 640px\" \/><figcaption class=\"wp-element-caption\">La mesure de la longueur de l'entrejambe est essentielle pour calculer la taille du cadre de votre v\u00e9lo.<\/figcaption><\/figure>\n\n\n\n<p><strong>Comment mesurer la longueur de l'entrejambe<\/strong><\/p>\n\n\n\n<ul class=\"wp-block-list\">\n<li>Tenez-vous pieds nus, le dos droit et les pieds l\u00e9g\u00e8rement \u00e9cart\u00e9s (environ 15-20 cm).<\/li>\n\n\n\n<li>Placez un livre solide entre vos jambes, en appuyant vers le haut comme si vous \u00e9tiez assis sur la selle.<\/li>\n\n\n\n<li>Mesurez la distance entre le sol et le bord sup\u00e9rieur du livre.<\/li>\n<\/ul>\n\n\n\n<p>Cette mesure permet de calculer la taille du cadre en fonction du type de v\u00e9lo :<\/p>\n\n\n\n<ul class=\"wp-block-list\">\n<li><strong>V\u00e9lo tout terrain (VTT) <\/strong>: multipliez votre longueur d'entrejambe (en cm) par 0,54 pour obtenir votre taille de cadre en centim\u00e8tres.\n<ul class=\"wp-block-list\">\n<li>Exemple : 80 cm d'entrejambe x 0,54 = 43,2 cm.<\/li>\n<\/ul>\n<\/li>\n\n\n\n<li><strong>V\u00e9lo de route<\/strong> : multipliez la longueur de votre entrejambe (en cm) par 0,65 pour calculer la taille de votre cadre en centim\u00e8tres.\n<ul class=\"wp-block-list\">\n<li>Exemple : 80 cm d'entrejambe x 0,65 = 52 cm.<\/li>\n<\/ul>\n<\/li>\n<\/ul>\n\n\n\n<p><strong>Facteurs suppl\u00e9mentaires \u00e0 prendre en compte :<\/strong><\/p>\n\n\n\n<ul class=\"wp-block-list\">\n<li>Ces formules sont approximatives et peuvent varier d'un fabricant \u00e0 l'autre. Consultez toujours les directives sp\u00e9cifiques \u00e0 la marque qui vous int\u00e9resse.<\/li>\n\n\n\n<li>D'autres facteurs, tels que la longueur de vos bras et l'utilisation pr\u00e9vue du v\u00e9lo, peuvent \u00e9galement influencer la taille id\u00e9ale du cadre.<\/li>\n\n\n\n<li>Dans la mesure du possible, testez votre v\u00e9lo pour vous assurer que le cadre s'adapte parfaitement \u00e0 votre corps.<\/li>\n<\/ul>\n\n\n\n<h2 class=\"wp-block-heading\"><span class=\"ez-toc-section\" id=\"Methodes_pratiques_pour_le_choix_de_la_taille\"><\/span>M\u00e9thodes pratiques pour le choix de la taille<span class=\"ez-toc-section-end\"><\/span><\/h2>\n\n\n\n<p>Il n'est pas toujours facile de choisir la bonne taille de v\u00e9lo, mais il existe des m\u00e9thodes pratiques qui peuvent vous aider \u00e0 confirmer que vous avez fait le bon choix. Voici quelques options \u00e0 prendre en compte :<\/p>\n\n\n\n<h3 class=\"wp-block-heading\"><span class=\"ez-toc-section\" id=\"Guide_des_tailles_par_marque_de_velo\"><\/span>Guide des tailles par marque de v\u00e9lo<span class=\"ez-toc-section-end\"><\/span><\/h3>\n\n\n\n<p>De nombreux fabricants fournissent des tableaux de tailles sp\u00e9cifiques bas\u00e9s sur des mesures corporelles telles que la taille et la longueur de l'entrejambe. Ces guides sont souvent adapt\u00e9s au design de leurs mod\u00e8les, <strong>il est donc conseill\u00e9 de les consulter avant de faire un achat<\/strong>. Si les formules g\u00e9n\u00e9rales constituent un bon point de d\u00e9part, les guides sp\u00e9cifiques \u00e0 une marque peuvent vous aider \u00e0 affiner votre choix et \u00e0 \u00e9viter les erreurs.<\/p>\n\n\n\n<h3 class=\"wp-block-heading\"><span class=\"ez-toc-section\" id=\"Tests_physiques_dans_des_magasins_specialises\"><\/span>Tests physiques dans des magasins sp\u00e9cialis\u00e9s<span class=\"ez-toc-section-end\"><\/span><\/h3>\n\n\n\n<p>Dans la mesure du possible, <strong>testez le v\u00e9lo dans un magasin sp\u00e9cialis\u00e9<\/strong>. Rouler sur le mod\u00e8le que vous avez en t\u00eate vous permettra de voir comment vous vous sentez lorsque vous p\u00e9dalez, si vous pouvez atteindre le guidon confortablement et si vos jambes ont la bonne amplitude de mouvement. Les experts du magasin peuvent ajuster la selle et le guidon afin que vous puissiez vous rendre compte de la configuration r\u00e9elle du v\u00e9lo.<\/p>\n\n\n\n<h2 class=\"wp-block-heading\"><span class=\"ez-toc-section\" id=\"Conseils_supplementaires_pour_les_debutants_et_les_cyclistes_confirmes\"><\/span><strong>Conseils suppl\u00e9mentaires pour les d\u00e9butants et les cyclistes confirm\u00e9s<\/strong><span class=\"ez-toc-section-end\"><\/span><\/h2>\n\n\n\n<p>Qu'il s'agisse de votre premier v\u00e9lo ou que vous soyez un cycliste exp\u00e9riment\u00e9, ces conseils suppl\u00e9mentaires vous aideront avant d'acheter votre v\u00e9lo :<\/p>\n\n\n\n<h3 class=\"wp-block-heading\"><span class=\"ez-toc-section\" id=\"Consulter_des_experts_ou_des_formateurs_professionnels\"><\/span>Consulter des experts ou des formateurs professionnels<span class=\"ez-toc-section-end\"><\/span><\/h3>\n\n\n\n<p>L'avis d'un expert peut vous faire gagner du temps et vous \u00e9pargner des tracas. Dans les magasins sp\u00e9cialis\u00e9s ou avec des entra\u00eeneurs professionnels, vous pouvez obtenir des conseils personnalis\u00e9s en fonction de vos mensurations, de vos objectifs et de votre niveau d'exp\u00e9rience. Ils peuvent vous guider sur la taille du cadre, le type de v\u00e9lo et les r\u00e9glages pour que vous vous sentiez \u00e0 l'aise d\u00e8s le d\u00e9part.<\/p>\n\n\n\n<h3 class=\"wp-block-heading\"><span class=\"ez-toc-section\" id=\"Limportance_des_ajustements_reguliers\"><\/span>L'importance des ajustements r\u00e9guliers<span class=\"ez-toc-section-end\"><\/span><\/h3>\n\n\n\n<p>Avec le temps, l'usure des composants de votre v\u00e9lo ou des changements dans votre corps peuvent faire en sorte que l'ajustement initial ne soit plus id\u00e9al. V\u00e9rifier et ajuster r\u00e9guli\u00e8rement des \u00e9l\u00e9ments tels que la selle, le guidon et les p\u00e9dales permet non seulement d'am\u00e9liorer vos performances, mais aussi de pr\u00e9venir l'inconfort et les \u00e9ventuelles blessures.<\/p>\n\n\n\n<h3 class=\"wp-block-heading\"><span class=\"ez-toc-section\" id=\"Evaluacion_y_reajuste_tras_un_periodo_de_uso\"><\/span>Evaluaci\u00f3n y reajuste tras un periodo de uso<span class=\"ez-toc-section-end\"><\/span><\/h3>\n\n\n\n<p>Apr\u00e8s quelques mois d'utilisation, il est conseill\u00e9 d'\u00e9valuer la fa\u00e7on dont vous vous sentez sur votre v\u00e9lo. Si vous constatez une g\u00eane, comme des douleurs dans le dos, les genoux ou les poignets, vous devrez peut-\u00eatre r\u00e9ajuster la position de la selle, l'inclinaison du guidon ou m\u00eame changer certains composants. Ce processus est essentiel pour que votre v\u00e9lo reste adapt\u00e9 \u00e0 vos besoins.<\/p>\n\n\n\n<div style=\"height:50px\" aria-hidden=\"true\" class=\"wp-block-spacer\"><\/div>\n\n\n\n<p>Choisir la bonne taille de v\u00e9lo peut \u00eatre d\u00e9routant, mais nous esp\u00e9rons que les instructions que nous avons fournies vous aideront \u00e0 faire le bon choix. Si vous envisagez de faire une bonne randonn\u00e9e \u00e0 v\u00e9lo et que vous \u00eates \u00e0 Gran Canaria, la location de scooters et de v\u00e9los peut \u00eatre la solution id\u00e9ale pour vous. Si vous voulez essayer un v\u00e9lo avant de vous d\u00e9cider, nous vous offrons le meilleur service de location de <a href=\"https:\/\/scooterandbikerental.com\/fr\/velos\/\">v\u00e9los \u00e0 Gran Canaria<\/a>, avec une grande vari\u00e9t\u00e9 de mod\u00e8les \u00e0 choisir ! Faites le tour de l'\u00eele avec nos v\u00e9los, con\u00e7us pour tous les go\u00fbts et tous les styles. Il ne vous reste plus qu'\u00e0 p\u00e9daler et \u00e0 profiter du paysage. R\u00e9servez le v\u00f4tre et vivez une exp\u00e9rience unique sur roues !<\/p>\n","protected":false},"excerpt":{"rendered":"<p>Le choix d'un v\u00e9lo n'est pas seulement une question de design ou de budget, il s'agit de trouver l'\u00e9quilibre parfait entre confort, performance et s\u00e9curit\u00e9. Je suis s\u00fbr que cela vous est d\u00e9j\u00e0 arriv\u00e9 : vous montez sur un v\u00e9lo et quelque chose ne vous convient pas. Le guidon est peut-\u00eatre trop \u00e9loign\u00e9, ou vous [&hellip;]<\/p>\n","protected":false},"author":1,"featured_media":6505,"comment_status":"closed","ping_status":"closed","sticky":false,"template":"","format":"standard","meta":{"site-sidebar-layout":"default","site-content-layout":"","ast-site-content-layout":"default","site-content-style":"default","site-sidebar-style":"default","ast-global-header-display":"","ast-banner-title-visibility":"","ast-main-header-display":"","ast-hfb-above-header-display":"","ast-hfb-below-header-display":"","ast-hfb-mobile-header-display":"","site-post-title":"","ast-breadcrumbs-content":"","ast-featured-img":"","footer-sml-layout":"","ast-disable-related-posts":"","theme-transparent-header-meta":"","adv-header-id-meta":"","stick-header-meta":"","header-above-stick-meta":"","header-main-stick-meta":"","header-below-stick-meta":"","astra-migrate-meta-layouts":"default","ast-page-background-enabled":"default","ast-page-background-meta":{"desktop":{"background-color":"var(--ast-global-color-4)","background-image":"","background-repeat":"repeat","background-position":"center center","background-size":"auto","background-attachment":"scroll","background-type":"","background-media":"","overlay-type":"","overlay-color":"","overlay-opacity":"","overlay-gradient":""},"tablet":{"background-color":"","background-image":"","background-repeat":"repeat","background-position":"center center","background-size":"auto","background-attachment":"scroll","background-type":"","background-media":"","overlay-type":"","overlay-color":"","overlay-opacity":"","overlay-gradient":""},"mobile":{"background-color":"","background-image":"","background-repeat":"repeat","background-position":"center center","background-size":"auto","background-attachment":"scroll","background-type":"","background-media":"","overlay-type":"","overlay-color":"","overlay-opacity":"","overlay-gradient":""}},"ast-content-background-meta":{"desktop":{"background-color":"var(--ast-global-color-5)","background-image":"","background-repeat":"repeat","background-position":"center center","background-size":"auto","background-attachment":"scroll","background-type":"","background-media":"","overlay-type":"","overlay-color":"","overlay-opacity":"","overlay-gradient":""},"tablet":{"background-color":"var(--ast-global-color-5)","background-image":"","background-repeat":"repeat","background-position":"center center","background-size":"auto","background-attachment":"scroll","background-type":"","background-media":"","overlay-type":"","overlay-color":"","overlay-opacity":"","overlay-gradient":""},"mobile":{"background-color":"var(--ast-global-color-5)","background-image":"","background-repeat":"repeat","background-position":"center center","background-size":"auto","background-attachment":"scroll","background-type":"","background-media":"","overlay-type":"","overlay-color":"","overlay-opacity":"","overlay-gradient":""}},"_mbp_gutenberg_autopost":false,"footnotes":""},"categories":[23],"tags":[],"class_list":["post-5024","post","type-post","status-publish","format-standard","has-post-thumbnail","hentry","category-blog"],"_links":{"self":[{"href":"https:\/\/scooterandbikerental.com\/fr\/wp-json\/wp\/v2\/posts\/5024","targetHints":{"allow":["GET"]}}],"collection":[{"href":"https:\/\/scooterandbikerental.com\/fr\/wp-json\/wp\/v2\/posts"}],"about":[{"href":"https:\/\/scooterandbikerental.com\/fr\/wp-json\/wp\/v2\/types\/post"}],"author":[{"embeddable":true,"href":"https:\/\/scooterandbikerental.com\/fr\/wp-json\/wp\/v2\/users\/1"}],"replies":[{"embeddable":true,"href":"https:\/\/scooterandbikerental.com\/fr\/wp-json\/wp\/v2\/comments?post=5024"}],"version-history":[{"count":1,"href":"https:\/\/scooterandbikerental.com\/fr\/wp-json\/wp\/v2\/posts\/5024\/revisions"}],"predecessor-version":[{"id":5029,"href":"https:\/\/scooterandbikerental.com\/fr\/wp-json\/wp\/v2\/posts\/5024\/revisions\/5029"}],"wp:featuredmedia":[{"embeddable":true,"href":"https:\/\/scooterandbikerental.com\/fr\/wp-json\/wp\/v2\/media\/6505"}],"wp:attachment":[{"href":"https:\/\/scooterandbikerental.com\/fr\/wp-json\/wp\/v2\/media?parent=5024"}],"wp:term":[{"taxonomy":"category","embeddable":true,"href":"https:\/\/scooterandbikerental.com\/fr\/wp-json\/wp\/v2\/categories?post=5024"},{"taxonomy":"post_tag","embeddable":true,"href":"https:\/\/scooterandbikerental.com\/fr\/wp-json\/wp\/v2\/tags?post=5024"}],"curies":[{"name":"wp","href":"https:\/\/api.w.org\/{rel}","templated":true}]}}